{"id":10065,"date":"2020-06-16T10:18:39","date_gmt":"2020-06-16T10:18:39","guid":{"rendered":"https:\/\/www.ildiariodellabellezza.it\/bios-numero-2-linea-soin-hydratant-gennaio-2018\/"},"modified":"2020-10-28T14:48:36","modified_gmt":"2020-10-28T14:48:36","slug":"bios-numero-2-linea-soin-hydratant-gennaio-2018","status":"publish","type":"post","link":"https:\/\/www.ildiariodellabellezza.it\/en\/bios-numero-2-linea-soin-hydratant-gennaio-2018\/","title":{"rendered":"BIOS: Numero 2 LINEA SOIN HYDRATANT \u2013 gennaio 2018"},"content":{"rendered":"<div class=\"wpb-content-wrapper\"><p>[vc_row][vc_column width=&#8221;1\/6&#8243;][\/vc_column][vc_column width=&#8221;4\/6&#8243;][vc_column_text css_animation=&#8221;fadeIn&#8221;]<\/p>\n<p>La Linea <strong>SOIN HYDRATANT<\/strong> EST\u0112REL \u00e8 stata studiata dai Laboratori di Ricerca e Sviluppo MARIO ZUNINO &amp; C. ed \u00e8 specifica per il <strong>Trattamento dei CAPELLI FINI e FRAGILI<\/strong>, per renderli pi\u00f9 resistenti, voluminosi e luminosi.<!--more--><\/p>\n<p><strong>Fragili e predisposti alla rottura<\/strong>, i capelli fini presentano inevitabili inestetismi che rendono il loro aspetto poco curato: predisposti alle <strong>doppie punte<\/strong>, a spezzarsi facilmente, poco vitali e indeboliti, condizione che conduce, spesso, a forme di anomala caduta.<br \/>\nSi disidratano pi\u00f9 facilmente diventando <strong>secchi e opachi<\/strong> perch\u00e9 si riduce l&#8217;attivit\u00e0 delle ghiandole sebacee presenti nel cuoio capelluto.<br \/>\nAltra loro caratteristica \u00e8 la <strong>mancanza di volume e di tenuta della piega<\/strong>: piatti e flosci danno all\u2019acconciatura un aspetto poco corposo e rado.<\/p>\n<p>[\/vc_column_text][vc_row_inner css=&#8221;.vc_custom_1520601447193{margin-bottom: 0px !important;}&#8221;][vc_column_inner][vc_btn title=&#8221;SCARICA LA PUBBLICAZIONE&#8221; style=&#8221;custom&#8221; custom_background=&#8221;#cca92d&#8221; custom_text=&#8221;#ffffff&#8221; shape=&#8221;square&#8221; align=&#8221;center&#8221; i_icon_fontawesome=&#8221;fa fa-book&#8221; css_animation=&#8221;appear&#8221; button_block=&#8221;true&#8221; add_icon=&#8221;true&#8221; link=&#8221;url:%2Fwp-content%2Fuploads%2FPUB0320-Bios-n.%C2%B0-02-gennaio-2018-Linea-Soin-Hydratant_per-sito.pdf|target:%20_blank|&#8221;][\/vc_column_inner][\/vc_row_inner][\/vc_column][vc_column width=&#8221;1\/6&#8243;][\/vc_column][\/vc_row]<\/p>\n<\/div>","protected":false},"excerpt":{"rendered":"<p>[vc_row][vc_column width=&#8221;1\/6&#8243;][\/vc_column][vc_column width=&#8221;4\/6&#8243;][vc_column_text css_animation=&#8221;fadeIn&#8221;] La Linea SOIN HYDRATANT EST\u0112REL \u00e8 stata studiata dai Laboratori di<span class=\"excerpt-hellip\"> [\u2026]<\/span><\/p>\n","protected":false},"author":1,"featured_media":2805,"comment_status":"closed","ping_status":"closed","sticky":false,"template":"","format":"standard","meta":{"footnotes":""},"categories":[622],"tags":[],"class_list":["post-10065","post","type-post","status-publish","format-standard","has-post-thumbnail","hentry","category-bios-en"],"_links":{"self":[{"href":"https:\/\/www.ildiariodellabellezza.it\/en\/wp-json\/wp\/v2\/posts\/10065","targetHints":{"allow":["GET"]}}],"collection":[{"href":"https:\/\/www.ildiariodellabellezza.it\/en\/wp-json\/wp\/v2\/posts"}],"about":[{"href":"https:\/\/www.ildiariodellabellezza.it\/en\/wp-json\/wp\/v2\/types\/post"}],"author":[{"embeddable":true,"href":"https:\/\/www.ildiariodellabellezza.it\/en\/wp-json\/wp\/v2\/users\/1"}],"replies":[{"embeddable":true,"href":"https:\/\/www.ildiariodellabellezza.it\/en\/wp-json\/wp\/v2\/comments?post=10065"}],"version-history":[{"count":4,"href":"https:\/\/www.ildiariodellabellezza.it\/en\/wp-json\/wp\/v2\/posts\/10065\/revisions"}],"predecessor-version":[{"id":10077,"href":"https:\/\/www.ildiariodellabellezza.it\/en\/wp-json\/wp\/v2\/posts\/10065\/revisions\/10077"}],"wp:featuredmedia":[{"embeddable":true,"href":"https:\/\/www.ildiariodellabellezza.it\/en\/wp-json\/wp\/v2\/media\/2805"}],"wp:attachment":[{"href":"https:\/\/www.ildiariodellabellezza.it\/en\/wp-json\/wp\/v2\/media?parent=10065"}],"wp:term":[{"taxonomy":"category","embeddable":true,"href":"https:\/\/www.ildiariodellabellezza.it\/en\/wp-json\/wp\/v2\/categories?post=10065"},{"taxonomy":"post_tag","embeddable":true,"href":"https:\/\/www.ildiariodellabellezza.it\/en\/wp-json\/wp\/v2\/tags?post=10065"}],"curies":[{"name":"wp","href":"https:\/\/api.w.org\/{rel}","templated":true}]}}