{"id":10259,"date":"2020-06-25T13:37:11","date_gmt":"2020-06-25T13:37:11","guid":{"rendered":"https:\/\/www.ildiariodellabellezza.it\/?p=10259"},"modified":"2020-06-25T13:59:11","modified_gmt":"2020-06-25T13:59:11","slug":"osmotic-mask-tutorial","status":"publish","type":"post","link":"https:\/\/www.ildiariodellabellezza.it\/en\/osmotic-mask-tutorial\/","title":{"rendered":"Osmotic Mask (Tutorial)"},"content":{"rendered":"<div class=\"wpb-content-wrapper\"><p>[vc_row][vc_column width=&#8221;1\/6&#8243;][\/vc_column][vc_column width=&#8221;4\/6&#8243;][vc_column_text css_animation=&#8221;fadeIn&#8221;]<\/p>\n<h1 class=\"title style-scope ytd-video-primary-info-renderer\" style=\"text-align: center;\">Maschera Osmotica by ESTEREL<\/h1>\n<div style=\"text-align: center;\"><em>La Maschera Osmotica \u00e8 uno dei trattamenti pi\u00f9 esclusivi del METODO ESTEREL. Specifica per il cuoio capelluto e i capelli, pu\u00f2 essere applicata anche al viso, mani, piedi e zone specifiche del corpo (seno, panica, ecc).<\/em><\/div>\n<p style=\"text-align: center;\"><!--more--><\/p>\n<p><iframe loading=\"lazy\" src=\"https:\/\/www.youtube-nocookie.com\/embed\/KuiiYpjouQk?rel=0\" width=\"100%\" height=\"315\" frameborder=\"0\" allowfullscreen=\"allowfullscreen\"><\/iframe>[\/vc_column_text][\/vc_column][vc_column width=&#8221;1\/6&#8243;][\/vc_column][\/vc_row]<\/p>\n<\/div>","protected":false},"excerpt":{"rendered":"<p>[vc_row][vc_column width=&#8221;1\/6&#8243;][\/vc_column][vc_column width=&#8221;4\/6&#8243;][vc_column_text css_animation=&#8221;fadeIn&#8221;] Maschera Osmotica by ESTEREL La Maschera Osmotica \u00e8 uno dei trattamenti<span class=\"excerpt-hellip\"> [\u2026]<\/span><\/p>\n","protected":false},"author":1,"featured_media":4850,"comment_status":"closed","ping_status":"closed","sticky":false,"template":"","format":"standard","meta":{"footnotes":""},"categories":[83],"tags":[84],"class_list":["post-10259","post","type-post","status-publish","format-standard","has-post-thumbnail","hentry","category-news","tag-video-tutorial"],"_links":{"self":[{"href":"https:\/\/www.ildiariodellabellezza.it\/en\/wp-json\/wp\/v2\/posts\/10259","targetHints":{"allow":["GET"]}}],"collection":[{"href":"https:\/\/www.ildiariodellabellezza.it\/en\/wp-json\/wp\/v2\/posts"}],"about":[{"href":"https:\/\/www.ildiariodellabellezza.it\/en\/wp-json\/wp\/v2\/types\/post"}],"author":[{"embeddable":true,"href":"https:\/\/www.ildiariodellabellezza.it\/en\/wp-json\/wp\/v2\/users\/1"}],"replies":[{"embeddable":true,"href":"https:\/\/www.ildiariodellabellezza.it\/en\/wp-json\/wp\/v2\/comments?post=10259"}],"version-history":[{"count":7,"href":"https:\/\/www.ildiariodellabellezza.it\/en\/wp-json\/wp\/v2\/posts\/10259\/revisions"}],"predecessor-version":[{"id":10267,"href":"https:\/\/www.ildiariodellabellezza.it\/en\/wp-json\/wp\/v2\/posts\/10259\/revisions\/10267"}],"wp:featuredmedia":[{"embeddable":true,"href":"https:\/\/www.ildiariodellabellezza.it\/en\/wp-json\/wp\/v2\/media\/4850"}],"wp:attachment":[{"href":"https:\/\/www.ildiariodellabellezza.it\/en\/wp-json\/wp\/v2\/media?parent=10259"}],"wp:term":[{"taxonomy":"category","embeddable":true,"href":"https:\/\/www.ildiariodellabellezza.it\/en\/wp-json\/wp\/v2\/categories?post=10259"},{"taxonomy":"post_tag","embeddable":true,"href":"https:\/\/www.ildiariodellabellezza.it\/en\/wp-json\/wp\/v2\/tags?post=10259"}],"curies":[{"name":"wp","href":"https:\/\/api.w.org\/{rel}","templated":true}]}}